{"id":132,"date":"2025-02-27T07:23:14","date_gmt":"2025-02-27T06:23:14","guid":{"rendered":"https:\/\/staja.fr\/?p=132"},"modified":"2026-01-15T08:33:07","modified_gmt":"2026-01-15T07:33:07","slug":"lecho-des-plateaux","status":"publish","type":"post","link":"https:\/\/staja.fr\/?p=132","title":{"rendered":"L&#8217;\u00e9cho des Plateaux"},"content":{"rendered":"\n<div class=\"wp-block-columns is-layout-flex wp-container-core-columns-is-layout-9d6595d7 wp-block-columns-is-layout-flex\">\n<div class=\"wp-block-column is-layout-flow wp-block-column-is-layout-flow\"><div class=\"wp-block-image\">\n<figure class=\"alignright size-large is-resized\"><a href=\"http:\/\/staja.fr\/wp-content\/uploads\/2025\/02\/Echo-des-Plateaux-1.pdf\" target=\"_blank\" rel=\" noreferrer noopener\"><img loading=\"lazy\" decoding=\"async\" width=\"727\" height=\"1024\" src=\"https:\/\/staja.fr\/wp-content\/uploads\/2025\/02\/echo-plateau-1-727x1024.jpg\" alt=\"\" class=\"wp-image-133\" style=\"width:165px;height:auto\" srcset=\"https:\/\/staja.fr\/wp-content\/uploads\/2025\/02\/echo-plateau-1-727x1024.jpg 727w, https:\/\/staja.fr\/wp-content\/uploads\/2025\/02\/echo-plateau-1-213x300.jpg 213w, https:\/\/staja.fr\/wp-content\/uploads\/2025\/02\/echo-plateau-1-768x1082.jpg 768w, https:\/\/staja.fr\/wp-content\/uploads\/2025\/02\/echo-plateau-1-863x1216.jpg 863w, https:\/\/staja.fr\/wp-content\/uploads\/2025\/02\/echo-plateau-1-77x108.jpg 77w, https:\/\/staja.fr\/wp-content\/uploads\/2025\/02\/echo-plateau-1.jpg 905w\" sizes=\"auto, (max-width: 727px) 100vw, 727px\" \/><\/a><\/figure>\n<\/div>\n\n\n<p class=\"has-black-color has-text-color has-link-color has-medium-font-size wp-elements-bbbd41fde8c95fbe2f23f4fe0bf3906f\"><strong>Num\u00e9ro 1 &#8211; F\u00e9vrier 2025<\/strong><br>Une nouvelle association aux Omergues &#8211; Cliquez sur la photo pour l&#8217;agrandir<\/p>\n<\/div>\n<\/div>\n\n\n\n<p><\/p>\n\n\n\n<div class=\"wp-block-columns is-layout-flex wp-container-core-columns-is-layout-9d6595d7 wp-block-columns-is-layout-flex\">\n<div class=\"wp-block-column is-layout-flow wp-block-column-is-layout-flow\"><div class=\"wp-block-image\">\n<figure class=\"alignright size-full is-resized\"><a href=\"http:\/\/staja.fr\/wp-content\/uploads\/2025\/08\/Echo-des-Plateaux-2.pdf\" target=\"_blank\" rel=\" noreferrer noopener\"><img loading=\"lazy\" decoding=\"async\" width=\"248\" height=\"350\" src=\"https:\/\/staja.fr\/wp-content\/uploads\/2025\/02\/Echo-des-Plateaux-2-petit-format.jpg\" alt=\"\" class=\"wp-image-277\" style=\"width:166px;height:auto\" srcset=\"https:\/\/staja.fr\/wp-content\/uploads\/2025\/02\/Echo-des-Plateaux-2-petit-format.jpg 248w, https:\/\/staja.fr\/wp-content\/uploads\/2025\/02\/Echo-des-Plateaux-2-petit-format-213x300.jpg 213w, https:\/\/staja.fr\/wp-content\/uploads\/2025\/02\/Echo-des-Plateaux-2-petit-format-77x108.jpg 77w\" sizes=\"auto, (max-width: 248px) 100vw, 248px\" \/><\/a><\/figure>\n<\/div>\n\n\n<p><strong>Num\u00e9ro 2 &#8211; Ao\u00fbt 2025<\/strong> <br><br>Des nouvelles de la STAJA &#8211; Cliquez sur la photo pour lire le texte<\/p>\n<\/div>\n<\/div>\n\n\n\n<p><strong>Num\u00e9ro 3 &#8211; Janvier 2026<\/strong><\/p>\n\n\n<div class=\"wp-block-image\">\n<figure class=\"alignright size-full\"><a href=\"http:\/\/staja.fr\/wp-content\/uploads\/2025\/02\/Echo-des-Plateaux-3.jpg\"><img loading=\"lazy\" decoding=\"async\" width=\"95\" height=\"268\" src=\"https:\/\/staja.fr\/wp-content\/uploads\/2025\/02\/Echo-des-Plateaux-3-petit.jpg\" alt=\"\" class=\"wp-image-294\" srcset=\"https:\/\/staja.fr\/wp-content\/uploads\/2025\/02\/Echo-des-Plateaux-3-petit.jpg 95w, https:\/\/staja.fr\/wp-content\/uploads\/2025\/02\/Echo-des-Plateaux-3-petit-38x108.jpg 38w\" sizes=\"auto, (max-width: 95px) 100vw, 95px\" \/><\/a><\/figure>\n<\/div>\n\n\n<p>La STAJA vous souhaite une bonne ann\u00e9e 2026 ! Cliquez sur la photo pour lire le texte<\/p>\n\n\n\n<p><\/p>\n","protected":false},"excerpt":{"rendered":"<p>Num\u00e9ro 1 &#8211; F\u00e9vrier 2025Une nouvelle association aux Omergues &#8211; Cliquez sur la photo pour l&#8217;agrandir Num\u00e9ro 2 &#8211; Ao\u00fbt 2025 Des nouvelles de la STAJA &#8211; Cliquez sur la photo pour lire le texte Num\u00e9ro 3 &#8211; Janvier 2026 La STAJA vous souhaite une bonne ann\u00e9e 2026 ! Cliquez sur la photo pour lire &hellip; <a href=\"https:\/\/staja.fr\/?p=132\" class=\"more-link\">Continue reading <span class=\"screen-reader-text\">L&#8217;\u00e9cho des Plateaux<\/span><\/a><\/p>\n","protected":false},"author":1,"featured_media":0,"comment_status":"open","ping_status":"open","sticky":false,"template":"","format":"standard","meta":{"footnotes":""},"categories":[7],"tags":[],"class_list":["post-132","post","type-post","status-publish","format-standard","hentry","category-echo-des-plateaux"],"_links":{"self":[{"href":"https:\/\/staja.fr\/index.php?rest_route=\/wp\/v2\/posts\/132","targetHints":{"allow":["GET"]}}],"collection":[{"href":"https:\/\/staja.fr\/index.php?rest_route=\/wp\/v2\/posts"}],"about":[{"href":"https:\/\/staja.fr\/index.php?rest_route=\/wp\/v2\/types\/post"}],"author":[{"embeddable":true,"href":"https:\/\/staja.fr\/index.php?rest_route=\/wp\/v2\/users\/1"}],"replies":[{"embeddable":true,"href":"https:\/\/staja.fr\/index.php?rest_route=%2Fwp%2Fv2%2Fcomments&post=132"}],"version-history":[{"count":10,"href":"https:\/\/staja.fr\/index.php?rest_route=\/wp\/v2\/posts\/132\/revisions"}],"predecessor-version":[{"id":297,"href":"https:\/\/staja.fr\/index.php?rest_route=\/wp\/v2\/posts\/132\/revisions\/297"}],"wp:attachment":[{"href":"https:\/\/staja.fr\/index.php?rest_route=%2Fwp%2Fv2%2Fmedia&parent=132"}],"wp:term":[{"taxonomy":"category","embeddable":true,"href":"https:\/\/staja.fr\/index.php?rest_route=%2Fwp%2Fv2%2Fcategories&post=132"},{"taxonomy":"post_tag","embeddable":true,"href":"https:\/\/staja.fr\/index.php?rest_route=%2Fwp%2Fv2%2Ftags&post=132"}],"curies":[{"name":"wp","href":"https:\/\/api.w.org\/{rel}","templated":true}]}}