{"id":207,"date":"2025-06-02T16:21:29","date_gmt":"2025-06-02T14:21:29","guid":{"rendered":"https:\/\/staja.fr\/?p=207"},"modified":"2025-06-30T14:55:18","modified_gmt":"2025-06-30T12:55:18","slug":"documents-la-lauzette-2-la-vierasse","status":"publish","type":"post","link":"https:\/\/staja.fr\/?p=207","title":{"rendered":"Documents La Lauzette 2 &#8211; La Vi\u00e9rasse"},"content":{"rendered":"\n<ul class=\"wp-block-list\">\n<li class=\"has-vivid-red-color has-text-color has-link-color wp-elements-c08786778a1681fc3d6318a5e8aaa68b\"><strong>Extraits des rapports naturalistes de La Vi\u00e9rasse et de La Lauzette 2<\/strong> : <a href=\"http:\/\/staja.fr\/wp-content\/uploads\/2025\/06\/Extraits_Rapports_Calidris_AviSilva.pdf\" target=\"_blank\" rel=\"noreferrer noopener\">cliquez ici !<\/a><\/li>\n<\/ul>\n\n\n\n<ul class=\"wp-block-list\">\n<li class=\"has-vivid-red-color has-text-color has-link-color wp-elements-0341431b98500f30c6fe4890a36e66b0\"><strong>Int\u00e9gralit\u00e9 des documents re\u00e7us de la Pr\u00e9fecture 04 :<\/strong><\/li>\n\n\n\n<li><a href=\"http:\/\/staja.fr\/wp-content\/uploads\/2025\/06\/courrier-STAJA.pdf\" target=\"_blank\" rel=\"noreferrer noopener\">Lettre \u00e0 la STAJA<\/a><\/li>\n\n\n\n<li><a href=\"http:\/\/staja.fr\/wp-content\/uploads\/2025\/06\/EPA_CA04.pdf\" target=\"_blank\" rel=\"noreferrer noopener\">Etude pr\u00e9alable agricole La Lauzette<\/a><\/li>\n\n\n\n<li><a href=\"http:\/\/staja.fr\/wp-content\/uploads\/2025\/06\/FFH_CALIDRIS.pdf\" target=\"_blank\" rel=\"noreferrer noopener\">Etude d\u2019impact volet faune \/ flore \/ habitats<\/a><\/li>\n\n\n\n<li><a href=\"http:\/\/staja.fr\/wp-content\/uploads\/2025\/06\/FORET_AVISILVA.pdf\" target=\"_blank\" rel=\"noreferrer noopener\">Expertise foresti\u00e8re pr\u00e9alable \u00e0 l\u2019installation d\u2019un parc photovolta\u00efque &#8211; VOLET FORESTIER DE L\u2019ETUDE D\u2019IMPACT<\/a><\/li>\n\n\n\n<li><a href=\"http:\/\/staja.fr\/wp-content\/uploads\/2025\/06\/GEP_ANTEA_GROUP.pdf\" target=\"_blank\" rel=\"noreferrer noopener\">Etude de gestion des eaux pluviales<\/a><\/li>\n\n\n\n<li>Etude d&#8217;impact &#8211;<a href=\"http:\/\/staja.fr\/wp-content\/uploads\/2025\/06\/Les-Omergues_EI_VF.pdf\"> FEUILLET 2 : \u00c9TAT INITIAL DE L\u2019ENVIRONNEMENT<\/a><\/li>\n\n\n\n<li><a href=\"http:\/\/staja.fr\/wp-content\/uploads\/2025\/06\/PAYSAGE_TampP.pdf\" target=\"_blank\" rel=\"noreferrer noopener\">VOLET PAYSAGER ET PATRIMONIAL<\/a><\/li>\n\n\n\n<li>\u00c9tude d\u2019impact sur l\u2019environnement au titre de l\u2019article R.122-5 du code de l\u2019environnement &#8211; <a href=\"http:\/\/staja.fr\/wp-content\/uploads\/2025\/06\/Piece-E_PV_OMERGUES_EIE.pdf\" target=\"_blank\" rel=\"noreferrer noopener\">Pi\u00e8ce E de la demande d\u2019autorisation<\/a><\/li>\n<\/ul>\n\n\n\n<h2 class=\"wp-block-heading\">Autres documents<\/h2>\n\n\n\n<ul class=\"wp-block-list\">\n<li>Vid\u00e9o de pr\u00e9sentation pour la r\u00e9union du 14 juin 2025<\/li>\n<\/ul>\n\n\n\n<figure class=\"wp-block-video\"><video height=\"1080\" style=\"aspect-ratio: 1920 \/ 1080;\" width=\"1920\" controls src=\"https:\/\/staja.fr\/wp-content\/uploads\/2025\/06\/STAJA-Reunion-publique-du-14-juin-2025-04.mp4\"><\/video><\/figure>\n\n\n\n<p><\/p>\n","protected":false},"excerpt":{"rendered":"<p>Autres documents<\/p>\n","protected":false},"author":1,"featured_media":0,"comment_status":"open","ping_status":"open","sticky":false,"template":"","format":"standard","meta":{"footnotes":""},"categories":[8],"tags":[],"class_list":["post-207","post","type-post","status-publish","format-standard","hentry","category-doc-pref"],"_links":{"self":[{"href":"https:\/\/staja.fr\/index.php?rest_route=\/wp\/v2\/posts\/207","targetHints":{"allow":["GET"]}}],"collection":[{"href":"https:\/\/staja.fr\/index.php?rest_route=\/wp\/v2\/posts"}],"about":[{"href":"https:\/\/staja.fr\/index.php?rest_route=\/wp\/v2\/types\/post"}],"author":[{"embeddable":true,"href":"https:\/\/staja.fr\/index.php?rest_route=\/wp\/v2\/users\/1"}],"replies":[{"embeddable":true,"href":"https:\/\/staja.fr\/index.php?rest_route=%2Fwp%2Fv2%2Fcomments&post=207"}],"version-history":[{"count":6,"href":"https:\/\/staja.fr\/index.php?rest_route=\/wp\/v2\/posts\/207\/revisions"}],"predecessor-version":[{"id":240,"href":"https:\/\/staja.fr\/index.php?rest_route=\/wp\/v2\/posts\/207\/revisions\/240"}],"wp:attachment":[{"href":"https:\/\/staja.fr\/index.php?rest_route=%2Fwp%2Fv2%2Fmedia&parent=207"}],"wp:term":[{"taxonomy":"category","embeddable":true,"href":"https:\/\/staja.fr\/index.php?rest_route=%2Fwp%2Fv2%2Fcategories&post=207"},{"taxonomy":"post_tag","embeddable":true,"href":"https:\/\/staja.fr\/index.php?rest_route=%2Fwp%2Fv2%2Ftags&post=207"}],"curies":[{"name":"wp","href":"https:\/\/api.w.org\/{rel}","templated":true}]}}