{"id":225,"date":"2025-06-19T16:25:05","date_gmt":"2025-06-19T14:25:05","guid":{"rendered":"https:\/\/staja.fr\/?p=225"},"modified":"2025-07-09T15:54:40","modified_gmt":"2025-07-09T13:54:40","slug":"reunion-publique-du-14-juin-2025-et-balade-naturaliste-du-15-juin-2025","status":"publish","type":"post","link":"https:\/\/staja.fr\/?p=225","title":{"rendered":"R\u00e9union publique du 14 juin 2025 et balade naturaliste du 15 juin 2025"},"content":{"rendered":"\n<h2 class=\"wp-block-heading has-vivid-red-color has-text-color has-link-color wp-elements-1481fedb9f54860d130a6c1fd656d676\">R\u00e9union publique du 14 juin 2025<\/h2>\n\n\n\n<p>Power Point de l&#8217;intervention de Samuel : <a href=\"http:\/\/staja.fr\/wp-content\/uploads\/2025\/07\/2025-06-14-Power-Point-Samuel.pdf\" data-type=\"link\" data-id=\"http:\/\/staja.fr\/wp-content\/uploads\/2025\/07\/2025-06-14-Power-Point-Samuel.pdf\" target=\"_blank\" rel=\"noreferrer noopener\">Quels sont les impacts des Parcs Photovolta\u00efques sur la biodiversit\u00e9 des milieux naturels et agricoles?<\/a><\/p>\n\n\n\n<p>Power Point de l&#8217;intervention de \u2022Jo\u00ebl (Amilure) : <a href=\"http:\/\/staja.fr\/wp-content\/uploads\/2025\/07\/2025-06-14-Power-Point-Joel.pdf\" data-type=\"link\" data-id=\"http:\/\/staja.fr\/wp-content\/uploads\/2025\/07\/2025-06-14-Power-Point-Joel.pdf\" target=\"_blank\" rel=\"noreferrer noopener\">La production d\u2019\u00e9nergie renouvelable, une n\u00e9cessit\u00e9 en France ?\u00a0<\/a><\/p>\n\n\n\n<p><strong>Vid\u00e9o : Lure en r\u00e9sistance, le parc photovolta\u00efque de Cruis (04) (Elz\u00e9ard) <\/strong>: <a href=\"https:\/\/youtu.be\/mh2KNek5E64\">ici <\/a><\/p>\n\n\n\n<p><strong>Vid\u00e9o : les parcs photovolta\u00efques des Omergues<\/strong> : <a href=\"https:\/\/youtu.be\/24JxMWC1LFA\" target=\"_blank\" rel=\"noreferrer noopener\">ici <\/a><\/p>\n\n\n\n<h2 class=\"wp-block-heading has-vivid-red-color has-text-color has-link-color wp-elements-72236ed6dd8bdd00a686c1229d40a560\">Balade naturaliste du 15 juin 2025<\/h2>\n\n\n\n<figure class=\"wp-block-image size-large\"><img loading=\"lazy\" decoding=\"async\" width=\"728\" height=\"1024\" src=\"https:\/\/staja.fr\/wp-content\/uploads\/2025\/06\/photos-collectives-728x1024.jpg\" alt=\"\" class=\"wp-image-226\" srcset=\"https:\/\/staja.fr\/wp-content\/uploads\/2025\/06\/photos-collectives-728x1024.jpg 728w, https:\/\/staja.fr\/wp-content\/uploads\/2025\/06\/photos-collectives-213x300.jpg 213w, https:\/\/staja.fr\/wp-content\/uploads\/2025\/06\/photos-collectives-77x108.jpg 77w, https:\/\/staja.fr\/wp-content\/uploads\/2025\/06\/photos-collectives.jpg 768w\" sizes=\"auto, (max-width: 728px) 100vw, 728px\" \/><\/figure>\n","protected":false},"excerpt":{"rendered":"<p>R\u00e9union publique du 14 juin 2025 Power Point de l&#8217;intervention de Samuel : Quels sont les impacts des Parcs Photovolta\u00efques sur la biodiversit\u00e9 des milieux naturels et agricoles? Power Point de l&#8217;intervention de \u2022Jo\u00ebl (Amilure) : La production d\u2019\u00e9nergie renouvelable, une n\u00e9cessit\u00e9 en France ?\u00a0 Vid\u00e9o : Lure en r\u00e9sistance, le parc photovolta\u00efque de Cruis &hellip; <a href=\"https:\/\/staja.fr\/?p=225\" class=\"more-link\">Continue reading <span class=\"screen-reader-text\">R\u00e9union publique du 14 juin 2025 et balade naturaliste du 15 juin 2025<\/span><\/a><\/p>\n","protected":false},"author":1,"featured_media":0,"comment_status":"open","ping_status":"open","sticky":false,"template":"","format":"standard","meta":{"footnotes":""},"categories":[5,4],"tags":[],"class_list":["post-225","post","type-post","status-publish","format-standard","hentry","category-activites","category-archives"],"_links":{"self":[{"href":"https:\/\/staja.fr\/index.php?rest_route=\/wp\/v2\/posts\/225","targetHints":{"allow":["GET"]}}],"collection":[{"href":"https:\/\/staja.fr\/index.php?rest_route=\/wp\/v2\/posts"}],"about":[{"href":"https:\/\/staja.fr\/index.php?rest_route=\/wp\/v2\/types\/post"}],"author":[{"embeddable":true,"href":"https:\/\/staja.fr\/index.php?rest_route=\/wp\/v2\/users\/1"}],"replies":[{"embeddable":true,"href":"https:\/\/staja.fr\/index.php?rest_route=%2Fwp%2Fv2%2Fcomments&post=225"}],"version-history":[{"count":6,"href":"https:\/\/staja.fr\/index.php?rest_route=\/wp\/v2\/posts\/225\/revisions"}],"predecessor-version":[{"id":268,"href":"https:\/\/staja.fr\/index.php?rest_route=\/wp\/v2\/posts\/225\/revisions\/268"}],"wp:attachment":[{"href":"https:\/\/staja.fr\/index.php?rest_route=%2Fwp%2Fv2%2Fmedia&parent=225"}],"wp:term":[{"taxonomy":"category","embeddable":true,"href":"https:\/\/staja.fr\/index.php?rest_route=%2Fwp%2Fv2%2Fcategories&post=225"},{"taxonomy":"post_tag","embeddable":true,"href":"https:\/\/staja.fr\/index.php?rest_route=%2Fwp%2Fv2%2Ftags&post=225"}],"curies":[{"name":"wp","href":"https:\/\/api.w.org\/{rel}","templated":true}]}}