{"id":236,"date":"2025-06-28T07:08:51","date_gmt":"2025-06-28T05:08:51","guid":{"rendered":"https:\/\/staja.fr\/?p=236"},"modified":"2025-06-28T07:08:51","modified_gmt":"2025-06-28T05:08:51","slug":"videos-14-06-2025","status":"publish","type":"post","link":"https:\/\/staja.fr\/?p=236","title":{"rendered":"vid\u00e9os 14\/06\/2025"},"content":{"rendered":"\n<p>Merci \u00e0 notre cin\u00e9aste Alain d&#8217;Elz\u00e9ard pour les vid\u00e9os des intervenants lors de notre r\u00e9union publique du 14 juin.<\/p>\n\n\n\n<p><strong>Jo\u00ebl (Amilure) &#8211; La production d\u2019\u00e9nergie renouvelable, une n\u00e9cessit\u00e9 en France ?\u00a0<\/strong>: <a href=\"https:\/\/youtu.be\/eQIZ4GCqHyM\" target=\"_blank\" rel=\"noreferrer noopener\">ici <\/a><\/p>\n\n\n\n<p><strong>Samuel (\u00e9cologue) &#8211; Biodiversit\u00e9 et parcs photovolta\u00efques<\/strong> : <a href=\"https:\/\/youtu.be\/IP8Hc_fpgus\" target=\"_blank\" rel=\"noreferrer noopener\">ici<\/a><\/p>\n\n\n\n<p>\u2022<strong>Diane (STAJA) &#8211; Questions autour des projets de parcs photovolta\u00efques<\/strong> aux Omergues : <a href=\"https:\/\/youtu.be\/Fqkm9215eME\" target=\"_blank\" rel=\"noreferrer noopener\">ici<\/a><\/p>\n","protected":false},"excerpt":{"rendered":"<p>Merci \u00e0 notre cin\u00e9aste Alain d&#8217;Elz\u00e9ard pour les vid\u00e9os des intervenants lors de notre r\u00e9union publique du 14 juin. Jo\u00ebl (Amilure) &#8211; La production d\u2019\u00e9nergie renouvelable, une n\u00e9cessit\u00e9 en France ?\u00a0: ici Samuel (\u00e9cologue) &#8211; Biodiversit\u00e9 et parcs photovolta\u00efques : ici \u2022Diane (STAJA) &#8211; Questions autour des projets de parcs photovolta\u00efques aux Omergues : ici<\/p>\n","protected":false},"author":1,"featured_media":0,"comment_status":"open","ping_status":"open","sticky":false,"template":"","format":"standard","meta":{"footnotes":""},"categories":[1],"tags":[],"class_list":["post-236","post","type-post","status-publish","format-standard","hentry","category-non-classe"],"_links":{"self":[{"href":"https:\/\/staja.fr\/index.php?rest_route=\/wp\/v2\/posts\/236","targetHints":{"allow":["GET"]}}],"collection":[{"href":"https:\/\/staja.fr\/index.php?rest_route=\/wp\/v2\/posts"}],"about":[{"href":"https:\/\/staja.fr\/index.php?rest_route=\/wp\/v2\/types\/post"}],"author":[{"embeddable":true,"href":"https:\/\/staja.fr\/index.php?rest_route=\/wp\/v2\/users\/1"}],"replies":[{"embeddable":true,"href":"https:\/\/staja.fr\/index.php?rest_route=%2Fwp%2Fv2%2Fcomments&post=236"}],"version-history":[{"count":1,"href":"https:\/\/staja.fr\/index.php?rest_route=\/wp\/v2\/posts\/236\/revisions"}],"predecessor-version":[{"id":237,"href":"https:\/\/staja.fr\/index.php?rest_route=\/wp\/v2\/posts\/236\/revisions\/237"}],"wp:attachment":[{"href":"https:\/\/staja.fr\/index.php?rest_route=%2Fwp%2Fv2%2Fmedia&parent=236"}],"wp:term":[{"taxonomy":"category","embeddable":true,"href":"https:\/\/staja.fr\/index.php?rest_route=%2Fwp%2Fv2%2Fcategories&post=236"},{"taxonomy":"post_tag","embeddable":true,"href":"https:\/\/staja.fr\/index.php?rest_route=%2Fwp%2Fv2%2Ftags&post=236"}],"curies":[{"name":"wp","href":"https:\/\/api.w.org\/{rel}","templated":true}]}}