{"id":244,"date":"2025-07-07T05:17:08","date_gmt":"2025-07-07T03:17:08","guid":{"rendered":"https:\/\/staja.fr\/?p=244"},"modified":"2025-07-17T05:22:09","modified_gmt":"2025-07-17T03:22:09","slug":"document-cadre","status":"publish","type":"post","link":"https:\/\/staja.fr\/?p=244","title":{"rendered":"Document-cadre"},"content":{"rendered":"\n<p>Extrait de la lettre de la DDT 04 aux maires du d\u00e9partement : <\/p>\n\n\n\n<p><em>&#8220;La loi du 10 mars 2023 relative \u00e0 l&#8217;acc\u00e9l\u00e9ration de la production d&#8217;\u00e9nergies renouvelables dite loi &#8220;APER&#8221;, en son article 54 et plus pr\u00e9cis\u00e9ment \u00e0 l&#8217;article L 111-29 du code de l&#8217;urbanisme, introduit la notion de &#8220;document cadre&#8221;. <br>Ce document-cadre, propos\u00e9 par les chambres d&#8217;agriculture, d\u00e9finit les surfaces agricoles et foresti\u00e8res, incultes* ou non exploit\u00e9es ouvertes \u00e0 l&#8217;installation d&#8217;un projet photovolta\u00efque dit compatible, plus couramment appel\u00e9 &#8220;projet photovolta\u00efque au sol&#8221;. <br>Le 13 mars dernier, le Pr\u00e9fet a r\u00e9ceptionn\u00e9 cette proposition de document cadre con\u00e7u par la chambre d\u2019agriculture des Alpes de Haute Provence. Conform\u00e9ment \u00e0 l&#8217;article R111-61 du code de l&#8217;urbanisme, il vous est transmis, pour avis sous 2 mois (date limite : (15\/07\/2025) . A l&#8217;expiration de ce d\u00e9lai de 2 mois, votre avis sera r\u00e9put\u00e9 favorable.&#8221;<\/em><\/p>\n\n\n\n<ul class=\"wp-block-list\">\n<li><a href=\"http:\/\/staja.fr\/wp-content\/uploads\/2025\/07\/2025-05-26-lettre-du-prefet-DDT-aux-maires-04.pdf\" target=\"_blank\" rel=\"noreferrer noopener\">Lettre de la DDT 04<\/a> aux maires du d\u00e9partement<\/li>\n\n\n\n<li><a href=\"http:\/\/staja.fr\/wp-content\/uploads\/2025\/07\/Lettre-sous-prefete-aux-maires-25-juin-2025.pdf\" data-type=\"link\" data-id=\"http:\/\/staja.fr\/wp-content\/uploads\/2025\/07\/Lettre-sous-prefete-aux-maires-25-juin-2025.pdf\" target=\"_blank\" rel=\"noreferrer noopener\">Lettre de la sous-pr\u00e9f\u00e8te 04<\/a> aux maires du d\u00e9partement<\/li>\n\n\n\n<li><a href=\"http:\/\/staja.fr\/wp-content\/uploads\/2025\/07\/2025-07-05-lettre-au-maire-sur-le-document-cadre.pdf\" data-type=\"link\" data-id=\"http:\/\/staja.fr\/wp-content\/uploads\/2025\/07\/2025-07-05-lettre-au-maire-sur-le-document-cadre.pdf\" target=\"_blank\" rel=\"noreferrer noopener\">Lettre de la STAJA<\/a> au Conseil Municipal des Omergues (5 juillet 2025)<\/li>\n\n\n\n<li><a href=\"http:\/\/staja.fr\/wp-content\/uploads\/2025\/07\/2025-07-11-reponse-maire-des-Omergues.pdf\" data-type=\"link\" data-id=\"http:\/\/staja.fr\/wp-content\/uploads\/2025\/07\/2025-07-11-reponse-maire-des-Omergues.pdf\" target=\"_blank\" rel=\"noreferrer noopener\">R\u00e9ponse du maire<\/a> des Omergues<\/li>\n\n\n\n<li><a href=\"http:\/\/staja.fr\/wp-content\/uploads\/2025\/07\/2025-07-17-deuxieme-lettre-au-maire-sur-le-document-cadre-en-reponse-a-leur-mail.pdf\" data-type=\"link\" data-id=\"http:\/\/staja.fr\/wp-content\/uploads\/2025\/07\/2025-07-17-deuxieme-lettre-au-maire-sur-le-document-cadre-en-reponse-a-leur-mail.pdf\" target=\"_blank\" rel=\"noreferrer noopener\">Deuxi\u00e8me lettre de la STAJA <\/a>au Conseil Municipal des Omergues (17 juillet 2025)<\/li>\n\n\n\n<li>Quelques photos des zones rouges et vertes des Omergues (pour voir toutes les zones d\u00e9finies par le document-cadre pour les Alpes de Haute-Provence, suivez ce lien : <a href=\"https:\/\/carto2.geo-ide.din.developpement-durable.gouv.fr\/frontoffice\/?map=ff0b0667-0bd7-409c-a185-507f560e0b19\" target=\"_blank\" rel=\"noreferrer noopener\">https:\/\/carto2.geo-ide.din.developpement-durable.gouv.fr\/frontoffice\/?map=ff0b0667-0bd7-409c-a185-507f560e0b19<\/a>)<\/li>\n<\/ul>\n\n\n\n<div class=\"wp-block-columns is-layout-flex wp-container-core-columns-is-layout-9d6595d7 wp-block-columns-is-layout-flex\">\n<div class=\"wp-block-column is-layout-flow wp-block-column-is-layout-flow\">\n<figure class=\"wp-block-image size-large\"><img loading=\"lazy\" decoding=\"async\" width=\"1024\" height=\"768\" src=\"http:\/\/staja.fr\/wp-content\/uploads\/2025\/07\/doc-cadre01-1024x768.jpg\" alt=\"\" class=\"wp-image-246\" srcset=\"https:\/\/staja.fr\/wp-content\/uploads\/2025\/07\/doc-cadre01-1024x768.jpg 1024w, https:\/\/staja.fr\/wp-content\/uploads\/2025\/07\/doc-cadre01-300x225.jpg 300w, https:\/\/staja.fr\/wp-content\/uploads\/2025\/07\/doc-cadre01-768x576.jpg 768w, https:\/\/staja.fr\/wp-content\/uploads\/2025\/07\/doc-cadre01-1536x1152.jpg 1536w, https:\/\/staja.fr\/wp-content\/uploads\/2025\/07\/doc-cadre01-863x647.jpg 863w, https:\/\/staja.fr\/wp-content\/uploads\/2025\/07\/doc-cadre01-144x108.jpg 144w, https:\/\/staja.fr\/wp-content\/uploads\/2025\/07\/doc-cadre01.jpg 1600w\" sizes=\"auto, (max-width: 1024px) 100vw, 1024px\" \/><\/figure>\n<\/div>\n\n\n\n<div class=\"wp-block-column is-layout-flow wp-block-column-is-layout-flow\">\n<figure class=\"wp-block-image size-large\"><img loading=\"lazy\" decoding=\"async\" width=\"1024\" height=\"576\" src=\"http:\/\/staja.fr\/wp-content\/uploads\/2025\/07\/doc-cadre03-1024x576.jpg\" alt=\"\" class=\"wp-image-247\" srcset=\"https:\/\/staja.fr\/wp-content\/uploads\/2025\/07\/doc-cadre03-1024x576.jpg 1024w, https:\/\/staja.fr\/wp-content\/uploads\/2025\/07\/doc-cadre03-300x169.jpg 300w, https:\/\/staja.fr\/wp-content\/uploads\/2025\/07\/doc-cadre03-768x432.jpg 768w, https:\/\/staja.fr\/wp-content\/uploads\/2025\/07\/doc-cadre03-1536x864.jpg 1536w, https:\/\/staja.fr\/wp-content\/uploads\/2025\/07\/doc-cadre03-863x485.jpg 863w, https:\/\/staja.fr\/wp-content\/uploads\/2025\/07\/doc-cadre03-192x108.jpg 192w, https:\/\/staja.fr\/wp-content\/uploads\/2025\/07\/doc-cadre03.jpg 1599w\" sizes=\"auto, (max-width: 1024px) 100vw, 1024px\" \/><\/figure>\n<\/div>\n\n\n\n<div class=\"wp-block-column is-layout-flow wp-block-column-is-layout-flow\">\n<figure class=\"wp-block-image size-large\"><img loading=\"lazy\" decoding=\"async\" width=\"1024\" height=\"576\" src=\"http:\/\/staja.fr\/wp-content\/uploads\/2025\/07\/doc-cadre04-1024x576.jpg\" alt=\"\" class=\"wp-image-248\" srcset=\"https:\/\/staja.fr\/wp-content\/uploads\/2025\/07\/doc-cadre04-1024x576.jpg 1024w, https:\/\/staja.fr\/wp-content\/uploads\/2025\/07\/doc-cadre04-300x169.jpg 300w, https:\/\/staja.fr\/wp-content\/uploads\/2025\/07\/doc-cadre04-768x432.jpg 768w, https:\/\/staja.fr\/wp-content\/uploads\/2025\/07\/doc-cadre04-1536x864.jpg 1536w, https:\/\/staja.fr\/wp-content\/uploads\/2025\/07\/doc-cadre04-863x485.jpg 863w, https:\/\/staja.fr\/wp-content\/uploads\/2025\/07\/doc-cadre04-192x108.jpg 192w, https:\/\/staja.fr\/wp-content\/uploads\/2025\/07\/doc-cadre04.jpg 1599w\" sizes=\"auto, (max-width: 1024px) 100vw, 1024px\" \/><\/figure>\n<\/div>\n<\/div>\n\n\n\n<p><\/p>\n","protected":false},"excerpt":{"rendered":"<p>Extrait de la lettre de la DDT 04 aux maires du d\u00e9partement : &#8220;La loi du 10 mars 2023 relative \u00e0 l&#8217;acc\u00e9l\u00e9ration de la production d&#8217;\u00e9nergies renouvelables dite loi &#8220;APER&#8221;, en son article 54 et plus pr\u00e9cis\u00e9ment \u00e0 l&#8217;article L 111-29 du code de l&#8217;urbanisme, introduit la notion de &#8220;document cadre&#8221;. Ce document-cadre, propos\u00e9 par &hellip; <a href=\"https:\/\/staja.fr\/?p=244\" class=\"more-link\">Continue reading <span class=\"screen-reader-text\">Document-cadre<\/span><\/a><\/p>\n","protected":false},"author":1,"featured_media":0,"comment_status":"open","ping_status":"open","sticky":false,"template":"","format":"standard","meta":{"footnotes":""},"categories":[4],"tags":[],"class_list":["post-244","post","type-post","status-publish","format-standard","hentry","category-archives"],"_links":{"self":[{"href":"https:\/\/staja.fr\/index.php?rest_route=\/wp\/v2\/posts\/244","targetHints":{"allow":["GET"]}}],"collection":[{"href":"https:\/\/staja.fr\/index.php?rest_route=\/wp\/v2\/posts"}],"about":[{"href":"https:\/\/staja.fr\/index.php?rest_route=\/wp\/v2\/types\/post"}],"author":[{"embeddable":true,"href":"https:\/\/staja.fr\/index.php?rest_route=\/wp\/v2\/users\/1"}],"replies":[{"embeddable":true,"href":"https:\/\/staja.fr\/index.php?rest_route=%2Fwp%2Fv2%2Fcomments&post=244"}],"version-history":[{"count":2,"href":"https:\/\/staja.fr\/index.php?rest_route=\/wp\/v2\/posts\/244\/revisions"}],"predecessor-version":[{"id":274,"href":"https:\/\/staja.fr\/index.php?rest_route=\/wp\/v2\/posts\/244\/revisions\/274"}],"wp:attachment":[{"href":"https:\/\/staja.fr\/index.php?rest_route=%2Fwp%2Fv2%2Fmedia&parent=244"}],"wp:term":[{"taxonomy":"category","embeddable":true,"href":"https:\/\/staja.fr\/index.php?rest_route=%2Fwp%2Fv2%2Fcategories&post=244"},{"taxonomy":"post_tag","embeddable":true,"href":"https:\/\/staja.fr\/index.php?rest_route=%2Fwp%2Fv2%2Ftags&post=244"}],"curies":[{"name":"wp","href":"https:\/\/api.w.org\/{rel}","templated":true}]}}