{"id":69,"date":"2025-02-12T14:02:32","date_gmt":"2025-02-12T13:02:32","guid":{"rendered":"http:\/\/staja.fr\/?p=69"},"modified":"2025-07-07T06:38:56","modified_gmt":"2025-07-07T04:38:56","slug":"liste-des-documents-disponibles-sur-le-site-staja","status":"publish","type":"post","link":"https:\/\/staja.fr\/?p=69","title":{"rendered":"Liste des documents disponibles sur le site STAJA"},"content":{"rendered":"\n<p>Juillet 2025 &#8211; Divers documents du &#8220;<strong>document cadre<\/strong>&#8221; \u00e9tabli par la chambre d&#8217;agriculture des Alpes de Haute-Provence :<a href=\"https:\/\/staja.fr\/?p=244\"> ici<\/a> <\/p>\n\n\n\n<p>Juin 2025 &#8211; Documents fournis par la Pr\u00e9fecture pour les parcs <strong>La Lauzette 2<\/strong> et <strong>La Vi\u00e9rasse<\/strong> dont le permis de construire a d\u00e9j\u00e0 \u00e9t\u00e9 d\u00e9pos\u00e9 : <a href=\"https:\/\/staja.fr\/?p=207\">ici<\/a><\/p>\n\n\n\n<p>Mai 2025 &#8211; <strong>Quelques unes de nos sources<\/strong> : <a href=\"https:\/\/staja.fr\/?p=143\">ici<\/a><\/p>\n\n\n\n<p>08 janvier 2025 &#8211; <strong>Statuts de l&#8217;association STAJA<\/strong> :<strong><a href=\"http:\/\/staja.fr\/?p=62\" target=\"_blank\" rel=\"noreferrer noopener\"> ici !<\/a><\/strong><\/p>\n\n\n\n<p>10 janvier 2025 &#8211; <strong>Compte-rendu de l&#8217;entrevue \u00e0 la mairie des Omergues<\/strong> : <strong><a href=\"http:\/\/staja.fr\/?p=59\" target=\"_blank\" rel=\"noreferrer noopener\">ici !<\/a><\/strong><\/p>\n\n\n\n<p>26 f\u00e9vrier 2025 &#8211; <strong>Une \u00e9tude de la FED<\/strong> (F\u00e9d\u00e9ration Environnement Durable) : &#8220;Aux confins du \u00ab Far West \u00bb, le d\u00e9sert ! De quelques bonnes raisons de s&#8217;opposer d&#8217;urgence au photovolta\u00efque industriel.<a href=\"http:\/\/staja.fr\/wp-content\/uploads\/2025\/02\/2025-02-25-Argumentaire_contre_le-photovoltaique_industrie_FEDdef.pdf\" target=\"_blank\" rel=\"noreferrer noopener\"> ici !<\/a><\/p>\n\n\n\n<p>7 d\u00e9cembre 2024 &#8211; &#8220;<strong>Information aux habitants<\/strong>&#8221; : le document distribu\u00e9 par la mairie des Omergues lors de la r\u00e9union publique du samedi 7 d\u00e9cembre 2024 : <a href=\"http:\/\/staja.fr\/wp-content\/uploads\/2025\/03\/2024-decembre-07-info-aux-habitants-mairie-2.pdf\" target=\"_blank\" rel=\"noreferrer noopener\">ici !<\/a><\/p>\n","protected":false},"excerpt":{"rendered":"<p>Juillet 2025 &#8211; Divers documents du &#8220;document cadre&#8221; \u00e9tabli par la chambre d&#8217;agriculture des Alpes de Haute-Provence : ici Juin 2025 &#8211; Documents fournis par la Pr\u00e9fecture pour les parcs La Lauzette 2 et La Vi\u00e9rasse dont le permis de construire a d\u00e9j\u00e0 \u00e9t\u00e9 d\u00e9pos\u00e9 : ici Mai 2025 &#8211; Quelques unes de nos sources &hellip; <a href=\"https:\/\/staja.fr\/?p=69\" class=\"more-link\">Continue reading <span class=\"screen-reader-text\">Liste des documents disponibles sur le site STAJA<\/span><\/a><\/p>\n","protected":false},"author":1,"featured_media":0,"comment_status":"open","ping_status":"open","sticky":false,"template":"","format":"standard","meta":{"footnotes":""},"categories":[3],"tags":[],"class_list":["post-69","post","type-post","status-publish","format-standard","hentry","category-documents"],"_links":{"self":[{"href":"https:\/\/staja.fr\/index.php?rest_route=\/wp\/v2\/posts\/69","targetHints":{"allow":["GET"]}}],"collection":[{"href":"https:\/\/staja.fr\/index.php?rest_route=\/wp\/v2\/posts"}],"about":[{"href":"https:\/\/staja.fr\/index.php?rest_route=\/wp\/v2\/types\/post"}],"author":[{"embeddable":true,"href":"https:\/\/staja.fr\/index.php?rest_route=\/wp\/v2\/users\/1"}],"replies":[{"embeddable":true,"href":"https:\/\/staja.fr\/index.php?rest_route=%2Fwp%2Fv2%2Fcomments&post=69"}],"version-history":[{"count":11,"href":"https:\/\/staja.fr\/index.php?rest_route=\/wp\/v2\/posts\/69\/revisions"}],"predecessor-version":[{"id":266,"href":"https:\/\/staja.fr\/index.php?rest_route=\/wp\/v2\/posts\/69\/revisions\/266"}],"wp:attachment":[{"href":"https:\/\/staja.fr\/index.php?rest_route=%2Fwp%2Fv2%2Fmedia&parent=69"}],"wp:term":[{"taxonomy":"category","embeddable":true,"href":"https:\/\/staja.fr\/index.php?rest_route=%2Fwp%2Fv2%2Fcategories&post=69"},{"taxonomy":"post_tag","embeddable":true,"href":"https:\/\/staja.fr\/index.php?rest_route=%2Fwp%2Fv2%2Ftags&post=69"}],"curies":[{"name":"wp","href":"https:\/\/api.w.org\/{rel}","templated":true}]}}