{"id":99,"date":"2025-02-22T16:36:53","date_gmt":"2025-02-22T15:36:53","guid":{"rendered":"http:\/\/staja.fr\/?p=99"},"modified":"2025-07-07T03:18:09","modified_gmt":"2025-07-07T01:18:09","slug":"naissance-de-lassociation-staja","status":"publish","type":"post","link":"https:\/\/staja.fr\/?p=99","title":{"rendered":"Naissance de l&#8217;association STAJA"},"content":{"rendered":"\n<h2 class=\"wp-block-heading has-vivid-red-color has-white-background-color has-text-color has-background has-link-color wp-elements-9b75b5f7dcf95de840e37bb391dafbd0\"><strong>Un peu de g\u00e9ographie<\/strong><\/h2>\n\n\n\n<p>La <strong>commune des Omergues<\/strong> a la particularit\u00e9 de se trouver \u00e0 peu pr\u00e8s \u00e0 moiti\u00e9 dans la <strong>vall\u00e9e du Jabron <\/strong>et l\u2019autre moiti\u00e9 sur le <strong>plateau d\u2019Albion<\/strong> au pied de la <strong>montagne de Lure<\/strong>. Le village et quelques hameaux dans la vall\u00e9e du Jabron abritent environ 130 personnes alors que le <strong>hameau de St Andr\u00e9 de Villes\u00e8che<\/strong> sur le plateau d\u2019Albion compte seulement 14 habitants. Pour joindre ces 2 lieux de vie, il faut, par la route d\u00e9partementale 18, compter 20 \u00e0 25 minutes en voiture en passant par le <strong>col du N\u00e9gron<\/strong>. Et encore, en hiver, il arrive souvent que la route du col situ\u00e9e \u00e0 l\u2019ubac de la montagne soit difficilement utilisable (neige ou verglas). <\/p>\n\n\n\n<figure class=\"wp-block-image size-large\"><img loading=\"lazy\" decoding=\"async\" width=\"1024\" height=\"603\" src=\"http:\/\/staja.fr\/wp-content\/uploads\/2025\/02\/carte-01-1024x603.jpg\" alt=\"\" class=\"wp-image-31\" srcset=\"https:\/\/staja.fr\/wp-content\/uploads\/2025\/02\/carte-01-1024x603.jpg 1024w, https:\/\/staja.fr\/wp-content\/uploads\/2025\/02\/carte-01-300x177.jpg 300w, https:\/\/staja.fr\/wp-content\/uploads\/2025\/02\/carte-01-768x452.jpg 768w, https:\/\/staja.fr\/wp-content\/uploads\/2025\/02\/carte-01-863x508.jpg 863w, https:\/\/staja.fr\/wp-content\/uploads\/2025\/02\/carte-01-183x108.jpg 183w, https:\/\/staja.fr\/wp-content\/uploads\/2025\/02\/carte-01.jpg 1216w\" sizes=\"auto, (max-width: 1024px) 100vw, 1024px\" \/><\/figure>\n\n\n\n<p>L\u2019essentiel de l\u2019<strong>activit\u00e9 agricole et \u00e9conomique<\/strong> (quelques artisans) des Omergues se trouve dans la vall\u00e9e du Jabron. Villes\u00e8che, sur le plateau, dispose de quelques champs cultiv\u00e9s (de la lavande principalement), de quelques prairies et de nombreuses for\u00eats. C\u2019est bien s\u00fbr aussi un lieu de p\u00e2turage appr\u00e9ci\u00e9 par les ovins et les bovins sans compter les nombreux animaux qui y vivent \u00e0 l\u2019ann\u00e9e (chevreuils, biches, cerfs, sangliers, renards, lapins et li\u00e8vres, quelques loups aussi, \u2026). Pour \u00eatre complet, il faudrait rajouter aussi tous les insectes, les reptiles et les oiseaux, parler aussi de la v\u00e9g\u00e9tation, autrement dit, prendre en compte toute la riche biodiversit\u00e9 de ce territoire.<\/p>\n\n\n\n<p>Il y a quelques ann\u00e9es, le dernier fermier-\u00e9leveur prenant sa retraite a vendu sa ferme et les terrains qui s\u2019y rattachaient \u00e0 un \u00e9leveur de moutons r\u00e9sidant dans le Vaucluse et qui confie, quelques mois par an son troupeau de 1 200 b\u00eates environ \u00e0 un berger.<\/p>\n\n\n\n<h2 class=\"wp-block-heading has-vivid-red-color has-text-color has-link-color wp-elements-a009814cc319df27abda4a52521c6ded\" style=\"font-size:27px\"><strong>Un peu de notre histoire<\/strong><\/h2>\n\n\n\n<p><strong>Mai 2024<\/strong>&nbsp;: nous apprenons que l\u2019\u00e9leveur de moutons ainsi qu\u2019un autre propri\u00e9taire de terrain (qui n\u2019habite pas non plus sur la commune) envisagent de faire implanter sur leurs terrains un parc agrivolta\u00efque. Des pourparlers seraient d\u00e9j\u00e0 entam\u00e9s entre eux, le conseil municipal des Omergues et une soci\u00e9t\u00e9 du nom de Abo Wind (devenue depuis Agro Energy). Or il y a d\u00e9j\u00e0 2 parcs photovolta\u00efques qui sont install\u00e9s sur Villes\u00e8che pour lesquels les habitants n\u2019ont pas eu d\u2019informations ou de consultations pr\u00e9alables.<\/p>\n\n\n<div class=\"wp-block-image\">\n<figure class=\"alignright size-large is-resized\"><img loading=\"lazy\" decoding=\"async\" width=\"1024\" height=\"336\" src=\"http:\/\/staja.fr\/wp-content\/uploads\/2025\/01\/2024-08-PV-du-Defends-1024x336.jpg\" alt=\"\" class=\"wp-image-17\" style=\"width:512px;height:auto\" srcset=\"https:\/\/staja.fr\/wp-content\/uploads\/2025\/01\/2024-08-PV-du-Defends-1024x336.jpg 1024w, https:\/\/staja.fr\/wp-content\/uploads\/2025\/01\/2024-08-PV-du-Defends-300x98.jpg 300w, https:\/\/staja.fr\/wp-content\/uploads\/2025\/01\/2024-08-PV-du-Defends-768x252.jpg 768w, https:\/\/staja.fr\/wp-content\/uploads\/2025\/01\/2024-08-PV-du-Defends-1536x504.jpg 1536w, https:\/\/staja.fr\/wp-content\/uploads\/2025\/01\/2024-08-PV-du-Defends.jpg 1878w\" sizes=\"auto, (max-width: 1024px) 100vw, 1024px\" \/><\/figure>\n<\/div>\n\n\n<p><strong>24 mai 2024<\/strong>&nbsp;: les <strong>14 r\u00e9sidents de Villes\u00e8che, unanimes, s\u2019adressent au Conseil Municipal<\/strong>&nbsp;: \u00ab&nbsp;Les signataires de cette lettre s\u2019opposent \u00e0 tout nouveau projet de parc photovolta\u00efque \u00e9tant donn\u00e9 que Villes\u00e8che contribue d\u00e9j\u00e0 au bien public avec le parc r\u00e9cemment construit sur ses terres et que ses habitants souffriraient de cons\u00e9quences esth\u00e9tiques et \u00e9cologiques disproportionn\u00e9es si ces projets ou d\u2019autres devaient aboutir.&nbsp;\u00bb (En fait, il y avait bien d\u00e9j\u00e0 2 parcs construits).<\/p>\n\n\n\n<p><strong>31 mai 2024<\/strong>&nbsp;: en r\u00e9ponse \u00e0 notre lettre-p\u00e9tition, le Maire convoque les habitants de Villes\u00e8che (et uniquement eux) \u00e0 une \u00ab&nbsp;<strong>r\u00e9union d\u2019information et d\u2019\u00e9change<\/strong> sur le sujet&nbsp;\u00bb pour le 11 juin 2024.<\/p>\n\n\n\n<p><strong>11 juin 2024<\/strong>\u00a0: bien que le Maire des Omergues et plusieurs membres du conseil municipal soient pr\u00e9sents, il s\u2019agit finalement d\u2019une <strong>r\u00e9union \u00ab\u00a0publicitaire\u00a0\u00bb de la soci\u00e9t\u00e9 Abo Wind<\/strong> avec la pr\u00e9sence de l\u2019\u00e9leveur, Monsieur Roman, qui nous parlera du \u00ab\u00a0bien-\u00eatre animal\u00a0\u00bb \u00e0 pa\u00eetre sous les panneaux solaires. 7 habitants de Villes\u00e8che qui ont pu se lib\u00e9rer ce jour-l\u00e0 posent des questions, expriment leur opposition au parc photovolta\u00efque. Le compte-rendu de cette r\u00e9union r\u00e9dig\u00e9 par Agro Wind reprendra l\u2019argumentaire de cette soci\u00e9t\u00e9 mais \u00e0 aucun moment ne fera \u00e9tat de nos interventions.<\/p>\n\n\n\n<p><strong>Juin 2024<\/strong>&nbsp;: nous constituons alors le collectif \u00ab&nbsp;<strong>Sauvegarde des monts d\u2019Albion<\/strong>&nbsp;\u00bb et nous nous rapprochons de groupes amis tels Elz\u00e9ard (Cruis) ou Amilure. Nous apprenons alors que 2 autres parcs photovolta\u00efque sont pr\u00e9vus, toujours sur Villes\u00e8che. Aucune information n\u2019a \u00e9t\u00e9 port\u00e9e \u00e0 la connaissance des habitants de Villes\u00e8che ou du village alors que des permis de construire sont d\u00e9j\u00e0 d\u00e9pos\u00e9s et ont \u00e9t\u00e9 adress\u00e9s \u00e0 la Pr\u00e9fecture. Renseignements pris aupr\u00e8s de la DDT 04 en particulier, ces permis de construire ne peuvent pas \u00eatre instruits en raison de l\u2019absence de PLU sur la commune. Ce PLU est en train de se r\u00e9aliser, d\u00e9j\u00e0 2 r\u00e9unions publiques ont eu lieu.<\/p>\n\n\n\n<p><strong>Juin \u00e0 octobre 2024<\/strong>&nbsp;: nous envoyons <strong>plusieurs courriels \u00e0 la mairie<\/strong> en demandant de pouvoir consulter tous les documents relatifs \u00e0 ces 3 projets de parc (consultation des permis de construire, d\u00e9lib\u00e9rations des conseils municipaux \u00e0 leur sujet, \u2026). Pas de r\u00e9ponse.<\/p>\n\n\n<div class=\"wp-block-image is-style-default\">\n<figure class=\"alignleft size-large is-resized\"><img loading=\"lazy\" decoding=\"async\" width=\"1024\" height=\"443\" src=\"http:\/\/staja.fr\/wp-content\/uploads\/2025\/02\/facebook-sauvegarde-monts-albion-1-1024x443.jpg\" alt=\"\" class=\"wp-image-34\" style=\"width:418px;height:auto\" srcset=\"https:\/\/staja.fr\/wp-content\/uploads\/2025\/02\/facebook-sauvegarde-monts-albion-1-1024x443.jpg 1024w, https:\/\/staja.fr\/wp-content\/uploads\/2025\/02\/facebook-sauvegarde-monts-albion-1-300x130.jpg 300w, https:\/\/staja.fr\/wp-content\/uploads\/2025\/02\/facebook-sauvegarde-monts-albion-1-768x332.jpg 768w, https:\/\/staja.fr\/wp-content\/uploads\/2025\/02\/facebook-sauvegarde-monts-albion-1-863x373.jpg 863w, https:\/\/staja.fr\/wp-content\/uploads\/2025\/02\/facebook-sauvegarde-monts-albion-1-250x108.jpg 250w, https:\/\/staja.fr\/wp-content\/uploads\/2025\/02\/facebook-sauvegarde-monts-albion-1.jpg 1419w\" sizes=\"auto, (max-width: 1024px) 100vw, 1024px\" \/><\/figure>\n<\/div>\n\n\n<p><strong>Juin 2024<\/strong>&nbsp;: cr\u00e9ation du collectif \u00ab&nbsp;<strong>Sauvegarde des Monts d\u2019Albion<\/strong>&nbsp;\u00bb avec une page Facebook qui lui est d\u00e9di\u00e9e.<\/p>\n\n\n\n<p><strong>18 septembre 2024<\/strong>\u00a0: r\u00e9union \u00e0 la mairie d\u2019Abo Energy (donc ex Abo Wind) qui avait invit\u00e9 les Villes\u00e9chois \u00e0 une r\u00e9union de travail. Nous avons refus\u00e9 de participer \u00e0 une telle r\u00e9union dont l\u2019objectif \u00e9tait de mettre en place le parc alors que nous voulons que le projet soit purement et d\u00e9finitivement abandonn\u00e9.<\/p>\n\n\n\n<p><strong>27 septembre 2024<\/strong>&nbsp;: le conseil municipal se porte candidat pour l\u2019installation d\u2019un <strong>poste source <\/strong>sur la parcelle WR 10 appartenant \u00e0 la commune<\/p>\n\n\n<div class=\"wp-block-image\">\n<figure class=\"alignright size-full is-resized\"><img loading=\"lazy\" decoding=\"async\" width=\"612\" height=\"853\" src=\"http:\/\/staja.fr\/wp-content\/uploads\/2025\/02\/petition-01.jpg\" alt=\"\" class=\"wp-image-35\" style=\"width:252px;height:auto\" srcset=\"https:\/\/staja.fr\/wp-content\/uploads\/2025\/02\/petition-01.jpg 612w, https:\/\/staja.fr\/wp-content\/uploads\/2025\/02\/petition-01-215x300.jpg 215w, https:\/\/staja.fr\/wp-content\/uploads\/2025\/02\/petition-01-77x108.jpg 77w\" sizes=\"auto, (max-width: 612px) 100vw, 612px\" \/><\/figure>\n<\/div>\n\n\n<p><strong>13 octobre 2024<\/strong>&nbsp;: notre <strong>p\u00e9tition<\/strong> est mise en ligne<\/p>\n\n\n\n<p><strong>27 octobre 2024<\/strong>&nbsp;: des \u00e9quipes se relaient toute la journ\u00e9e lors de la f\u00eate de la ch\u00e2taigne de Revest du Bion pour <strong>faire signer la p\u00e9tition<\/strong><\/p>\n\n\n\n<p><strong>30 octobre 2024<\/strong>&nbsp;: encore un <strong>courriel au maire<\/strong>, \u00ab&nbsp;nous vous demandons express\u00e9ment de convoquer une r\u00e9union&nbsp;\u00bb. Pas de r\u00e9ponse<\/p>\n\n\n\n<p><strong>12 novembre 2024<\/strong>&nbsp;: nous t\u00e9l\u00e9phonons au maire qui finalement accepte une r\u00e9union pour le 7 d\u00e9cembre 2024<\/p>\n\n\n\n<p><strong>23 novembre 2024<\/strong>&nbsp;: \u00ab&nbsp;stop aux centrales PV en montagne de Lure&nbsp;\u00bb \u00e0 Banon. Le matin, \u00e0 la librairie Le Bleuet, pr\u00e9sentation et d\u00e9dicace du livre \u00ab&nbsp;les marchands de soleil&nbsp;\u00bb. L\u2019apr\u00e8s-midi, \u00e0 la m\u00e9diath\u00e8que, \u00ab&nbsp;strat\u00e9gie de protection et de d\u00e9fense des sites&nbsp;\u00bb conf\u00e9rences et tables rondes avec les collectifs de Lure, le GNSA et l\u2019ANB.&nbsp;<\/p>\n\n\n\n<p><strong>7 d\u00e9cembre 2024<\/strong>&nbsp;: affluence nombreuse \u00e0 la mairie. Le maire a \u00e9galement demand\u00e9 aux forces de l\u2019ordre d\u2019\u00eatre pr\u00e9sentes craignant on ne sait trop quoi (ceux-ci prendront en photo toutes les plaques d\u2019immatriculation des v\u00e9hicules stationn\u00e9s pr\u00e8s de la mairie). Tout de suite, le maire annonce qu\u2019il n&#8217;y aura aucune discussion et que sit\u00f4t ses explications donn\u00e9es, la r\u00e9union sera close. L\u2019une d\u2019entre nous essaie d\u2019intervenir alors et, aussit\u00f4t des invectives fusent, on entend \u00e0 plusieurs reprises \u00ab&nbsp;ferme ta \u2026&nbsp;\u00bb. On a droit alors \u00e0 un long et monotone descriptif \u00e0 la gloire des parcs photovolta\u00efques. Le parc agrivolta\u00efque est \u00e0 peine effleur\u00e9 et pas du tout mentionn\u00e9 dans la feuille \u00ab&nbsp;Information aux habitants&nbsp;\u00bb remise en d\u00e9but de r\u00e9union. Sit\u00f4t qu\u2019il en a fini, le maire annonce que la r\u00e9union est termin\u00e9e. Nous demandons alors aux personnes pr\u00e9sentes de bien vouloir rester encore un peu, ce que font quelques dizaines d\u2019entre elles. Nous pouvons ainsi rapidement nous pr\u00e9senter et expliquer les raisons de notre opposition mais malheureusement, aucune discussion n\u2019est possible.<\/p>\n\n\n\n<p><strong>14 d\u00e9cembre 2024<\/strong>&nbsp;: une trentaine de personnes participe \u00e0 une <strong>sortie nature<\/strong> pour d\u00e9couvrir les tr\u00e9sors naturels et le patrimoine pastoral du plateau d\u2019Albion. L\u2019occasion aussi de voir de pr\u00e8s les 2 parcs d\u00e9j\u00e0 construits et l\u2019emplacement des 2 autres. 2 dames nous accompagnent pendant toute la balade, elles descendent un peu avant nous et s\u2019empressent de photographier toutes les plaques d\u2019immatriculation de nos voitures. D\u00e9cid\u00e9ment, la mar\u00e9chauss\u00e9e tient \u00e0 nous\u2026<\/p>\n\n\n\n<figure class=\"wp-block-image size-large\"><img loading=\"lazy\" decoding=\"async\" width=\"1024\" height=\"473\" src=\"http:\/\/staja.fr\/wp-content\/uploads\/2025\/02\/IMG-20241215-WA0007-1024x473.jpg\" alt=\"\" class=\"wp-image-36\" srcset=\"https:\/\/staja.fr\/wp-content\/uploads\/2025\/02\/IMG-20241215-WA0007-1024x473.jpg 1024w, https:\/\/staja.fr\/wp-content\/uploads\/2025\/02\/IMG-20241215-WA0007-300x138.jpg 300w, https:\/\/staja.fr\/wp-content\/uploads\/2025\/02\/IMG-20241215-WA0007-768x354.jpg 768w, https:\/\/staja.fr\/wp-content\/uploads\/2025\/02\/IMG-20241215-WA0007-1536x709.jpg 1536w, https:\/\/staja.fr\/wp-content\/uploads\/2025\/02\/IMG-20241215-WA0007-863x398.jpg 863w, https:\/\/staja.fr\/wp-content\/uploads\/2025\/02\/IMG-20241215-WA0007-234x108.jpg 234w, https:\/\/staja.fr\/wp-content\/uploads\/2025\/02\/IMG-20241215-WA0007.jpg 1560w\" sizes=\"auto, (max-width: 1024px) 100vw, 1024px\" \/><\/figure>\n\n\n\n<p><strong>8 janvier 2025<\/strong>&nbsp;: voici quelques temps d\u00e9j\u00e0 que nous avions envisag\u00e9 la cr\u00e9ation d\u2019une <strong>association loi 1901<\/strong> afin de disposer d\u2019un organe \u00ab&nbsp;l\u00e9gal&nbsp;\u00bb pour pouvoir faire par exemple des demandes de salle de la mairie, appeler \u00e9ventuellement \u00e0 une manifestation, b\u00e9n\u00e9ficier d\u2019une aide juridique. Ce jour se tient donc notre <strong>assembl\u00e9e g\u00e9n\u00e9rale constitutive<\/strong>. Nous y d\u00e9finissons nos objectifs, nos moyens d\u2019action et notre bureau (voir \u00ab&nbsp;qui sommes-nous&nbsp;\u00bb et les statuts). Notre association s\u2019appellera \u00ab&nbsp;<strong>Sauvegarde des Terres d\u2019Albion et du Jabron<\/strong>&nbsp;\u00bb (<strong>STAJA<\/strong>).<\/p>\n\n\n\n<p><strong>9 janvier 2025<\/strong>&nbsp;: le maire de Revest du Bion et son 1\u00b0 adjoint ont re\u00e7u MN et JJ \u00e0 notre demande pour faire le point sur les panneaux solaires sur la commune. Du c\u00f4t\u00e9 de la mairie, 3 b\u00e2timents communaux auront les toitures garnies de panneaux ce qui permettra de r\u00e9duire le prix de l\u2019\u00e9lectricit\u00e9 pour tous les habitants. Un parc d\u2019une demi hectare est envisag\u00e9 pr\u00e8s de l\u2019Ortigui\u00e8re. A la question de savoir s\u2019il y aurait des parcs priv\u00e9s, la r\u00e9ponse fut \u00ab&nbsp;non&nbsp;\u00bb. Et pourtant, il semblerait bien qu\u2019il aurait fallu r\u00e9pondre \u00ab&nbsp;oui&nbsp;\u00bb. A suivre\u2026<\/p>\n\n\n\n<p><strong>10 janvier 2025<\/strong>&nbsp;: faisant suite \u00e0 la demande de rendez-vous d\u2019Amilure et de plusieurs d\u2019entre nous, le maire \u00ab&nbsp;organise une <strong>r\u00e9union en mairie<\/strong> le vendredi 10 janvier 2025 \u00e0 10 heures&nbsp;\u00bb. 3 d\u2019entre nous et 2 d\u2019Amilure sont re\u00e7us par le maire, le 1<sup>er<\/sup> et 2<sup>e<\/sup> adjoint ainsi qu\u2019une conseill\u00e8re municipale. Voir<strong><a href=\"http:\/\/staja.fr\/?p=59\" target=\"_blank\" rel=\"noreferrer noopener\"> ici le compte-rendu<\/a> <\/strong>de cette r\u00e9union r\u00e9dig\u00e9 par Pierre d\u2019Amilure.<\/p>\n\n\n<div class=\"wp-block-image\">\n<figure class=\"alignright size-full is-resized\"><img loading=\"lazy\" decoding=\"async\" width=\"780\" height=\"344\" src=\"http:\/\/staja.fr\/wp-content\/uploads\/2025\/02\/bus-zou.jpg\" alt=\"\" class=\"wp-image-46\" style=\"width:317px;height:auto\" srcset=\"https:\/\/staja.fr\/wp-content\/uploads\/2025\/02\/bus-zou.jpg 780w, https:\/\/staja.fr\/wp-content\/uploads\/2025\/02\/bus-zou-300x132.jpg 300w, https:\/\/staja.fr\/wp-content\/uploads\/2025\/02\/bus-zou-768x339.jpg 768w, https:\/\/staja.fr\/wp-content\/uploads\/2025\/02\/bus-zou-245x108.jpg 245w\" sizes=\"auto, (max-width: 780px) 100vw, 780px\" \/><\/figure>\n<\/div>\n\n\n<p><strong>26 janvier 2025<\/strong>&nbsp;: lors des traditionnels v\u0153ux de d\u00e9but d\u2019ann\u00e9e, pr\u00e9sentant la participation de la mairie pour les transports scolaires, le maire expliqua que cette celle-ci ne pourrait \u00eatre renouvel\u00e9e que si l\u2019argent recueilli gr\u00e2ce aux parcs photovolta\u00efques le permettait. Quand on sait que cette aide fut pour l\u2019ann\u00e9e \u00e9coul\u00e9e au maximum de 675 euros (45 \u20ac pour 15 enfants scolaris\u00e9s en \u00e9cole primaire, coll\u00e8ge ou lyc\u00e9e), on ne peut que d\u00e9noncer une telle hypocrisie, un tel chantage&nbsp;!<\/p>\n\n\n\n<p><strong>31 janvier 2025<\/strong>&nbsp;: r\u00e9union \u00e0 la mairie de Banon convoqu\u00e9e par le maire de Banon et la pr\u00e9sidente du Parc Naturel R\u00e9gional du Luberon pour la \u00ab r\u00e9vision de la charte du PNR 2025-2040&nbsp;\u00bb. Le PNR propose \u00e0 la commune de Banon&nbsp;de rejoindre ce PNR. Nous y sommes intervenus au nom de notre association STAJA pour d\u00e9noncer en particulier la mesure 14 de cette charte \u00ab&nbsp;accro\u00eetre le d\u00e9veloppement des \u00e9nergies renouvelables tout en respectant la vocation des sols, le paysage, les espaces agricoles, naturels et forestiers&nbsp;\u00bb.<\/p>\n\n\n\n<p><strong>6 f\u00e9vrier 2025<\/strong>&nbsp;: enfin, apr\u00e8s quelques p\u00e9rip\u00e9ties (un premier refus pour un probl\u00e8me de date diff\u00e9rente sur le proc\u00e8s-verbal de l\u2019AG constitutive et sur les statuts), la Pr\u00e9fecture nous d\u00e9livre un r\u00e9c\u00e9piss\u00e9 de d\u00e9claration de cr\u00e9ation de l\u2019association \u00ab&nbsp;Sauvegarde des Terres d\u2019Albion et du Jabron&nbsp;\u00bb&nbsp;! <strong><a href=\"http:\/\/staja.fr\/?p=62\" target=\"_blank\" rel=\"noreferrer noopener\">Voir les statuts ici.<\/a><\/strong><\/p>\n\n\n\n<p class=\"has-text-align-center\" style=\"font-size:30px\"><strong>Que choisir ? \u00c7a  <\/strong><\/p>\n\n\n\n<figure class=\"wp-block-image size-large\"><img loading=\"lazy\" decoding=\"async\" width=\"1024\" height=\"461\" src=\"http:\/\/staja.fr\/wp-content\/uploads\/2025\/02\/20211222_104138-1024x461.jpg\" alt=\"\" class=\"wp-image-37\" srcset=\"https:\/\/staja.fr\/wp-content\/uploads\/2025\/02\/20211222_104138-1024x461.jpg 1024w, https:\/\/staja.fr\/wp-content\/uploads\/2025\/02\/20211222_104138-300x135.jpg 300w, https:\/\/staja.fr\/wp-content\/uploads\/2025\/02\/20211222_104138-768x346.jpg 768w, https:\/\/staja.fr\/wp-content\/uploads\/2025\/02\/20211222_104138-1536x692.jpg 1536w, https:\/\/staja.fr\/wp-content\/uploads\/2025\/02\/20211222_104138-2048x922.jpg 2048w, https:\/\/staja.fr\/wp-content\/uploads\/2025\/02\/20211222_104138-863x389.jpg 863w, https:\/\/staja.fr\/wp-content\/uploads\/2025\/02\/20211222_104138-240x108.jpg 240w\" sizes=\"auto, (max-width: 1024px) 100vw, 1024px\" \/><\/figure>\n\n\n\n<p class=\"has-text-align-center\" style=\"font-size:33px\"><strong>ou \u00e7a ?<\/strong><\/p>\n\n\n\n<figure class=\"wp-block-image size-large\"><img loading=\"lazy\" decoding=\"async\" width=\"1024\" height=\"576\" src=\"http:\/\/staja.fr\/wp-content\/uploads\/2025\/02\/IMG-20241015-WA0000-1024x576.jpg\" alt=\"\" class=\"wp-image-38\" srcset=\"https:\/\/staja.fr\/wp-content\/uploads\/2025\/02\/IMG-20241015-WA0000-1024x576.jpg 1024w, https:\/\/staja.fr\/wp-content\/uploads\/2025\/02\/IMG-20241015-WA0000-300x169.jpg 300w, https:\/\/staja.fr\/wp-content\/uploads\/2025\/02\/IMG-20241015-WA0000-768x432.jpg 768w, https:\/\/staja.fr\/wp-content\/uploads\/2025\/02\/IMG-20241015-WA0000-1536x864.jpg 1536w, https:\/\/staja.fr\/wp-content\/uploads\/2025\/02\/IMG-20241015-WA0000-863x485.jpg 863w, https:\/\/staja.fr\/wp-content\/uploads\/2025\/02\/IMG-20241015-WA0000-192x108.jpg 192w, https:\/\/staja.fr\/wp-content\/uploads\/2025\/02\/IMG-20241015-WA0000.jpg 1600w\" sizes=\"auto, (max-width: 1024px) 100vw, 1024px\" \/><\/figure>\n","protected":false},"excerpt":{"rendered":"<p>Un peu de g\u00e9ographie La commune des Omergues a la particularit\u00e9 de se trouver \u00e0 peu pr\u00e8s \u00e0 moiti\u00e9 dans la vall\u00e9e du Jabron et l\u2019autre moiti\u00e9 sur le plateau d\u2019Albion au pied de la montagne de Lure. Le village et quelques hameaux dans la vall\u00e9e du Jabron abritent environ 130 personnes alors que le &hellip; <a href=\"https:\/\/staja.fr\/?p=99\" class=\"more-link\">Continue reading <span class=\"screen-reader-text\">Naissance de l&#8217;association STAJA<\/span><\/a><\/p>\n","protected":false},"author":1,"featured_media":0,"comment_status":"open","ping_status":"open","sticky":false,"template":"","format":"standard","meta":{"footnotes":""},"categories":[6],"tags":[],"class_list":["post-99","post","type-post","status-publish","format-standard","hentry","category-qui-sommes-nous"],"_links":{"self":[{"href":"https:\/\/staja.fr\/index.php?rest_route=\/wp\/v2\/posts\/99","targetHints":{"allow":["GET"]}}],"collection":[{"href":"https:\/\/staja.fr\/index.php?rest_route=\/wp\/v2\/posts"}],"about":[{"href":"https:\/\/staja.fr\/index.php?rest_route=\/wp\/v2\/types\/post"}],"author":[{"embeddable":true,"href":"https:\/\/staja.fr\/index.php?rest_route=\/wp\/v2\/users\/1"}],"replies":[{"embeddable":true,"href":"https:\/\/staja.fr\/index.php?rest_route=%2Fwp%2Fv2%2Fcomments&post=99"}],"version-history":[{"count":5,"href":"https:\/\/staja.fr\/index.php?rest_route=\/wp\/v2\/posts\/99\/revisions"}],"predecessor-version":[{"id":243,"href":"https:\/\/staja.fr\/index.php?rest_route=\/wp\/v2\/posts\/99\/revisions\/243"}],"wp:attachment":[{"href":"https:\/\/staja.fr\/index.php?rest_route=%2Fwp%2Fv2%2Fmedia&parent=99"}],"wp:term":[{"taxonomy":"category","embeddable":true,"href":"https:\/\/staja.fr\/index.php?rest_route=%2Fwp%2Fv2%2Fcategories&post=99"},{"taxonomy":"post_tag","embeddable":true,"href":"https:\/\/staja.fr\/index.php?rest_route=%2Fwp%2Fv2%2Ftags&post=99"}],"curies":[{"name":"wp","href":"https:\/\/api.w.org\/{rel}","templated":true}]}}